{"id":271,"date":"2024-04-15T13:03:27","date_gmt":"2024-04-15T13:03:27","guid":{"rendered":"https:\/\/alvearconsultores.com\/blog\/?p=271"},"modified":"2024-04-22T13:13:30","modified_gmt":"2024-04-22T13:13:30","slug":"uso-real-y-efectivo-de-una-marca","status":"publish","type":"post","link":"https:\/\/alvearconsultores.com\/blog\/uso-real-y-efectivo-de-una-marca\/","title":{"rendered":"Uso real y efectivo de una Marca"},"content":{"rendered":"\t\t<div data-elementor-type=\"wp-post\" data-elementor-id=\"271\" class=\"elementor elementor-271\">\n\t\t\t\t<div class=\"elementor-element elementor-element-59fb3460 e-flex e-con-boxed e-con e-parent\" data-id=\"59fb3460\" data-element_type=\"container\" data-e-type=\"container\">\n\t\t\t\t\t<div class=\"e-con-inner\">\n\t\t\t\t<div class=\"elementor-element elementor-element-1b6bfb1d elementor-widget elementor-widget-text-editor\" data-id=\"1b6bfb1d\" data-element_type=\"widget\" data-e-type=\"widget\" data-widget_type=\"text-editor.default\">\n\t\t\t\t<div class=\"elementor-widget-container\">\n\t\t\t\t\t\t\t\t\t<p><\/p>\n<h2 class=\"wp-block-heading\" style=\"text-align: left;\">Aspectos elementales para presentar adecuadamente la declaraci\u00f3n del uso real y efectivo de una marca.<\/h2>\n<p style=\"text-align: justify;\"><\/p>\n<p style=\"text-align: justify;\"><\/p>\n<p style=\"text-align: justify;\">La Declaraci\u00f3n de Uso Real y Efectivo de una Marca es un procedimiento crucial para mantener la protecci\u00f3n de tu marca. Te presentamos algunos aspectos elementales que debes considerar al presentarla:<\/p>\n<ul>\n<li style=\"text-align: justify;\"><strong>Protecci\u00f3n del Registro:<\/strong> La protecci\u00f3n se mantiene \u00fanicamente para los productos o servicios en los que se haya declarado su uso. Si no se declara el uso, el registro expira autom\u00e1ticamente.<\/li>\n<li style=\"text-align: justify;\"><strong>Declaraci\u00f3n de Uso:<\/strong> Para los registros otorgados conforme al decreto mencionado, es obligatorio presentar una declaraci\u00f3n de uso real y efectivo seg\u00fan el art\u00edculo 233 y renovar el registro seg\u00fan el art\u00edculo 237.<\/li>\n<li style=\"text-align: justify;\"><strong>Vigencia de Registros:<\/strong> Los registros otorgados a partir del 10 de agosto de 2018 mantienen su validez y est\u00e1n sujetos a la ley actual, requiriendo la declaraci\u00f3n de uso y la renovaci\u00f3n en los plazos establecidos.<\/li>\n<li style=\"text-align: justify;\"><strong>Excepci\u00f3n para Registros Antiguos:<\/strong> Los registros otorgados antes del 10 de agosto de 2018 tambi\u00e9n mantienen su validez y deben renovarse, pero est\u00e1n exentos de la obligaci\u00f3n de presentar la declaraci\u00f3n de uso real y efectivo.<\/li>\n<li style=\"text-align: justify;\"><strong>Obligaci\u00f3n de Declaraci\u00f3n:<\/strong> Los titulares de marcas registradas a partir del 10 de agosto de 2018 deben presentar una declaraci\u00f3n de uso real y efectivo conforme al art\u00edculo 233.<\/li>\n<li style=\"text-align: justify;\"><strong>Declaraci\u00f3n de Uso:<\/strong> Esta declaraci\u00f3n es una afirmaci\u00f3n formal ante el IMPI que confirma el uso de la marca en los productos o servicios para los cuales fue registrada.<\/li>\n<li style=\"text-align: justify;\"><strong>Consecuencias de No Declarar:<\/strong> Si no se presenta la declaraci\u00f3n dentro de los tres meses siguientes a los tres a\u00f1os de la concesi\u00f3n de la marca, el registro caducar\u00e1 autom\u00e1ticamente.<\/li>\n<li style=\"text-align: justify;\"><strong>Mantenimiento del Registro:<\/strong> Para mantener la protecci\u00f3n exclusiva de la marca, es esencial presentar la declaraci\u00f3n de uso real y efectivo en los plazos indicados.<\/li>\n<li style=\"text-align: justify;\"><strong>Proceso de Declaraci\u00f3n:<\/strong> La declaraci\u00f3n se puede hacer en l\u00ednea a trav\u00e9s del portal \u201cTu Cuenta PASE\u201d del IMPI.<\/li>\n<\/ul>\n<p style=\"text-align: center;\">Es importante destacar que el cumplimiento de estos requisitos es crucial para asegurar la protecci\u00f3n continua de los derechos de propiedad industrial y evitar la caducidad del registro de la marca.<\/p>\n<p style=\"text-align: justify;\"><span style=\"color: var(--head-color); font-family: 'Josefin Sans', sans-serif; font-size: 16px; font-weight: 800; letter-spacing: 0px;\">Cita: <strong><a href=\"https:\/\/legamy.com\/publicacion\/aspectos-elementales-para-presentar-adecuadamente-la-declaracion-de-uso-real-y-efectivo-de-una-marca\" target=\"_blank\" rel=\"noopener\">Aspectos elementales para presentar adecuadamente la declaraci\u00f3n de uso real y efectivo de una marca &#8211; LEGAMY_ 12 de abril de 2024<\/a><\/strong><\/span><\/p>\n<p><\/p>\t\t\t\t\t\t\t\t<\/div>\n\t\t\t\t<\/div>\n\t\t\t\t\t<\/div>\n\t\t\t\t<\/div>\n\t\t\t\t<\/div>\n\t\t","protected":false},"excerpt":{"rendered":"<p>Aspectos elementales para presentar adecuadamente la declaraci\u00f3n del uso real y efectivo de una marca. La Declaraci\u00f3n de Uso Real y Efectivo de una Marca es un procedimiento crucial para mantener la protecci\u00f3n de tu marca. Te presentamos algunos aspectos elementales que debes considerar al presentarla: Protecci\u00f3n del Registro: La protecci\u00f3n se mantiene \u00fanicamente para [&hellip;]<\/p>\n","protected":false},"author":1,"featured_media":273,"comment_status":"open","ping_status":"closed","sticky":false,"template":"","format":"standard","meta":{"footnotes":""},"categories":[45],"tags":[],"class_list":["post-271","post","type-post","status-publish","format-standard","has-post-thumbnail","hentry","category-legamy"],"_links":{"self":[{"href":"https:\/\/alvearconsultores.com\/blog\/wp-json\/wp\/v2\/posts\/271","targetHints":{"allow":["GET"]}}],"collection":[{"href":"https:\/\/alvearconsultores.com\/blog\/wp-json\/wp\/v2\/posts"}],"about":[{"href":"https:\/\/alvearconsultores.com\/blog\/wp-json\/wp\/v2\/types\/post"}],"author":[{"embeddable":true,"href":"https:\/\/alvearconsultores.com\/blog\/wp-json\/wp\/v2\/users\/1"}],"replies":[{"embeddable":true,"href":"https:\/\/alvearconsultores.com\/blog\/wp-json\/wp\/v2\/comments?post=271"}],"version-history":[{"count":4,"href":"https:\/\/alvearconsultores.com\/blog\/wp-json\/wp\/v2\/posts\/271\/revisions"}],"predecessor-version":[{"id":277,"href":"https:\/\/alvearconsultores.com\/blog\/wp-json\/wp\/v2\/posts\/271\/revisions\/277"}],"wp:featuredmedia":[{"embeddable":true,"href":"https:\/\/alvearconsultores.com\/blog\/wp-json\/wp\/v2\/media\/273"}],"wp:attachment":[{"href":"https:\/\/alvearconsultores.com\/blog\/wp-json\/wp\/v2\/media?parent=271"}],"wp:term":[{"taxonomy":"category","embeddable":true,"href":"https:\/\/alvearconsultores.com\/blog\/wp-json\/wp\/v2\/categories?post=271"},{"taxonomy":"post_tag","embeddable":true,"href":"https:\/\/alvearconsultores.com\/blog\/wp-json\/wp\/v2\/tags?post=271"}],"curies":[{"name":"wp","href":"https:\/\/api.w.org\/{rel}","templated":true}]}}